{"id":108,"date":"2023-07-18T21:58:59","date_gmt":"2023-07-18T19:58:59","guid":{"rendered":"https:\/\/yoymimochila.com\/v2\/2023\/07\/18\/turquia-desde-mi-mirada\/"},"modified":"2023-07-18T21:58:59","modified_gmt":"2023-07-18T19:58:59","slug":"turquia-desde-mi-mirada","status":"publish","type":"post","link":"https:\/\/yoymimochila.com\/v2\/2023\/07\/18\/turquia-desde-mi-mirada\/","title":{"rendered":"Turqu\u00eda desde mi mirada."},"content":{"rendered":"<p>Turqu\u00eda desde mi mirada<\/p>\n<p><a href=\"http:\/\/yoymimochila.com\/wp-content\/uploads\/2013\/08\/turquia.jpg\" rel=\"attachment wp-att-4522\"><img loading=\"lazy\" decoding=\"async\" class=\"aligncenter wp-image-4522\" src=\"http:\/\/yoymimochila.com\/wp-content\/uploads\/2013\/08\/turquia.jpg\" alt=\"turquia\" width=\"580\" height=\"384\" \/><\/a><\/p>\n<p style=\"text-align: justify;\">\u00a0 \u00a0 \u00a0 \u00a0Hab\u00eda decidido mi viaje de verano: celebraba el haber llegado a mis 30 a\u00f1os. A decir verdad, ten\u00eda varios a\u00f1os planeando un viaje a tierras del imperio Otomano (Turqu\u00eda). Pero, a diferencia de otros a\u00f1os, ahora todo era un hecho y, tras la planeaci\u00f3n, definici\u00f3n de itinerarios, estudio previo de los lugares a los que pretend\u00eda llegar y un largo etc\u00e9tera de preparativos, solo era cuesti\u00f3n de tiempo\u2026 a esperar mi viaje.<\/p>\n<p style=\"text-align: justify;\">\u00a0 \u00a0 \u00a0Quise iniciar por las playas que se encuentran al Sur de la pen\u00ednsula de Anatolia, e ir subiendo hasta llegar a Estambul. \u00a0La incertidumbre en m\u00ed era creciente, pues ese era el primer pa\u00eds musulm\u00e1n que visitar\u00eda.<\/p>\n<p style=\"text-align: justify;\">\u00a0 \u00a0 \u00a0 Tres horas dur\u00f3 mi vuelo desde D\u00fcsseldorf hasta Antalya.\u00a0 Al bajar del avi\u00f3n tuve que pasar por el \u00e1rea de migraci\u00f3n y pagar un visado (15Euros por 90 d\u00edas). Una vez habiendo cumplido con los tr\u00e1mites migratorios, y tras\u00a0 haber recogido mi equipaje, me dispuse a salir para irme a mi hotel. Lo primero que encontr\u00e9 fue muchas personas con peque\u00f1os letreros que ten\u00edan un apellido, y buscaban ansiosamente entre los pasajeros a alguien que se sintiera aludido por dicho apellido. Al parecer la mayor\u00eda de las personas que ven\u00edan conmigo en el avi\u00f3n se hab\u00eda decidido por el famoso VTP (viaje todo pagado), y yo me decid\u00ed por el\u00a0m\u00e9todo \u201ch\u00e1galo usted mismo\u201d.<\/p>\n<figure id=\"attachment_4523\" aria-describedby=\"caption-attachment-4523\" style=\"width: 500px\" class=\"wp-caption aligncenter\"><a href=\"http:\/\/yoymimochila.com\/wp-content\/uploads\/2013\/08\/DSCN5839.jpg\" rel=\"attachment wp-att-4523\"><img loading=\"lazy\" decoding=\"async\" class=\" wp-image-4523\" src=\"http:\/\/yoymimochila.com\/wp-content\/uploads\/2013\/08\/DSCN5839.jpg\" alt=\"Bandera de Turqu\u00eda\" width=\"500\" height=\"375\" \/><\/a><figcaption id=\"caption-attachment-4523\" class=\"wp-caption-text\">Bandera de Turqu\u00eda<\/figcaption><\/figure>\n<p style=\"text-align: justify;\"><span style=\"color: #0000ff;\">\u00a1\u00a0AQU\u00cd\u00a0COMIENZA MI VIAJE POR TURQU\u00cdA!<\/span><\/p>\n<p style=\"text-align: justify;\">\u00a0 \u00a0 \u00a0Mi primer encuentro con el islamismo fue a las cinco de la ma\u00f1ana con una mezquita que se encontraba a lado del hotel, y ni les cuento que tienen un altavoz para llamar a la oraci\u00f3n, lo hacen cinco veces al\u00a0 d\u00eda y var\u00eda seg\u00fan las estaciones del a\u00f1o. En verano la primera oraci\u00f3n se hace a las 5:00 \u00a0de la ma\u00f1ana , el segundo cuando el sol est\u00e1 en su zenit 12:00 del d\u00eda, el tercero a las 15:00 , el cuarto rezo a las 18:00 hrs., y el \u00faltimo a las 21:00 hrs. Lo que se escucha es un llamado a la oraci\u00f3n y se hace en \u00e1rabe. Al principio puede ser un poquito dif\u00edcil adaptarse a est\u00e9 ruido, porque es algo inusual \u00a0\u00a0estarlo escuchando a lo largo del d\u00eda.<\/p>\n<p style=\"text-align: justify;\"><a href=\"http:\/\/yoymimochila.com\/wp-content\/uploads\/2013\/08\/TOUR-2013-1851.jpg\" rel=\"attachment wp-att-4524\"><img loading=\"lazy\" decoding=\"async\" class=\"aligncenter wp-image-4524\" src=\"http:\/\/yoymimochila.com\/wp-content\/uploads\/2013\/08\/TOUR-2013-1851.jpg\" alt=\"TOUR 2013 185\" width=\"286\" height=\"469\" \/><\/a><\/p>\n<p style=\"text-align: justify;\">Las mezquitas tienen altavoces para que las personas escuchen desde sus casas que es hora del rezo,\u00a0 me contaban que como el actual presidente tiene fuertes creencias en el Islamismo de pronto surgi\u00f3 una ola de construcci\u00f3n de \u00a0mezquitas, algunas \u00a0tienen una arquitectura incre\u00edble.<\/p>\n<p style=\"text-align: justify;\"><span style=\"color: #0000ff;\">\u00a1MI POST!<\/span><\/p>\n<p style=\"text-align: justify;\">\u00a0 \u00a0 \u00a1Un momento! Creo que no he contado mi idea acerca de la estructura que quiero seguir para este post. Pues bien, querido lector de mi blog, primero hablar\u00e9 en general de lo que es Turqu\u00eda y, m\u00e1s adelante, te contar\u00e9 ciudad por ciudad\u2026 \u00a1sigamos pues!<\/p>\n<p style=\"text-align: justify;\">\u00a0 \u00a0Creo que cuando uno escucha la palabra \u2018islamismo\u2019 o \u2018islam\u2019, r\u00e1pidamente lo asociamos a pel\u00edculas norteamericanas, que tanto empe\u00f1o y presupuesto han invertido en crear una mala fama a estos pa\u00edses. Creo que parte de mi descubrimiento es, precisamente, que parte de esa imagen es, por completo, un mito, cuando menos en lo que respecta a Turqu\u00eda. Sin embargo, efectivamente, tambi\u00e9n hay pa\u00edses que practican esta religi\u00f3n con normas muy estrictas y a manera de \u2018Religi\u00f3n de Estado\u2019. No es el caso en Turqu\u00eda, aqu\u00ed la gente es muy servicial, aunque la mayor\u00eda no habla ingl\u00e9s a excepci\u00f3n de aquellos que se dedican a actividades vinculadas con el turismo. Pero, pese a la barrera ling\u00fc\u00edstica, si se te ofrece algo como preguntar d\u00f3nde est\u00e1 alguna direcci\u00f3n, har\u00e1n lo posible por ayudarte.<\/p>\n<p style=\"text-align: justify;\"><span style=\"color: #0000ff;\">\u00a1UN POCO DE BUENA SUERTE!<\/span><\/p>\n<figure id=\"attachment_4525\" aria-describedby=\"caption-attachment-4525\" style=\"width: 492px\" class=\"wp-caption aligncenter\"><a href=\"http:\/\/yoymimochila.com\/wp-content\/uploads\/2013\/08\/sddwefe1.jpg\" rel=\"attachment wp-att-4525\"><img loading=\"lazy\" decoding=\"async\" class=\" wp-image-4525\" src=\"http:\/\/yoymimochila.com\/wp-content\/uploads\/2013\/08\/sddwefe1.jpg\" alt=\"\u00c1rbol de la suerte\" width=\"492\" height=\"369\" \/><\/a><figcaption id=\"caption-attachment-4525\" class=\"wp-caption-text\">\u00c1rbol de la suerte<\/figcaption><\/figure>\n<p>&nbsp;<\/p>\n<p style=\"text-align: justify;\">\u00a0 \u00a0 \u00a0 \u00a0En su mayor\u00eda son musulmanes, creyentes del blue eye y la granada (que es un amuleto para la buena suerte),y en muchos sitios lo encontrar\u00e1s . Aqu\u00ed \u00a0te explico un poco del porqu\u00e9 de la creencia.<\/p>\n<p style=\"text-align: justify;\"><span style=\"color: #0000ff;\">BLUE EYE:<\/span> Los turcos tienen muchas coincidencias con los griegos, ambos pa\u00edses asocian al color azul como un color que ahuyenta las malas vibras, y atrae la buena suerte, Tanto es su creencia que a continuaci\u00f3n te\u00a0 mostrar\u00e9 donde he encontrado est\u00e9\u00a0 amuleto.<\/p>\n<p style=\"text-align: justify;\"><span style=\"color: #0000ff;\">LA GRANADA<\/span>: Es un fruto t\u00edpico de la regi\u00f3n, se le puede encontrar \u00a0m\u00e1s\u00a0en los negocios, asocian a est\u00e9 fruto con la buena suerte porque creen que cuando se parte una granada por dentro est\u00e1 multiplicada por los granitos que cuenta, al igual que el fruto quieren que sus negocios se multipliquen y tengan \u00a0\u00e9xito.<\/p>\n<figure id=\"attachment_4528\" aria-describedby=\"caption-attachment-4528\" style=\"width: 388px\" class=\"wp-caption aligncenter\"><a href=\"http:\/\/yoymimochila.com\/wp-content\/uploads\/2013\/08\/TOUR-2013-1570.jpg\" rel=\"attachment wp-att-4528\"><img loading=\"lazy\" decoding=\"async\" class=\"wp-image-4528\" src=\"http:\/\/yoymimochila.com\/wp-content\/uploads\/2013\/08\/TOUR-2013-1570.jpg\" alt=\"TOUR 2013 1570\" width=\"388\" height=\"585\" \/><\/a><figcaption id=\"caption-attachment-4528\" class=\"wp-caption-text\">Echando relajo con el due\u00f1o de la tienda.<\/figcaption><\/figure>\n<p style=\"text-align: justify;\"><span style=\"color: #0000ff;\">\u00a1SOCIEDAD!<\/span><\/p>\n<p style=\"text-align: justify;\">\u00a0 \u00a0A los turcos les gusta fumar mucho, por lo que, debido a las restricciones que -por razones de salud- se han impuesto impidiendo fumar en lugares cerrados, los lugares para fumar son los m\u00e1s llenos. El concepto de \u00a0familia es muy importante, y la pregunta que siempre le hacen a un extranjero es \u00bfcu\u00e1ntas personas viven en tu ciudad? A decir verdad, no lo sab\u00eda, fue un dato que tuve que aprender en el transcurso de mi viaje y es que lo preguntaban tanto\u2026 \u00a1bendito Google!<\/p>\n<p style=\"text-align: justify;\">\u00a0 El nacionalismo, es tambi\u00e9n un concepto de gran arraigo. Lo puedes encontrar representado en el rinc\u00f3n m\u00e1s alejado con una bandera de Turqu\u00eda, o una imagen de\u00a0Mustafa Kemal Atat\u00fcrk, el pr\u00f3cer de la independencia turca, y el gran modernizador de esa naci\u00f3n, y que es, a todas luces, la persona m\u00e1s amada de este pa\u00eds. Su cari\u00f1o hacia \u00e9l se ve en lo m\u00e1s preciado de un pa\u00eds: su moneda, sellos y tarjetas postales, nombre de calles, instituciones\u2026 etc.<\/p>\n<p style=\"text-align: justify;\">\u00a0 \u00a0La mejor forma de conocer sin duda es v\u00eda terrestre. Cr\u00e9eme que si lo haces por los aires te perder\u00e1s de los incre\u00edbles paisajes con los que cuentan. Seg\u00fan \u00a0mi experiencia.<\/p>\n<p>\u00a0 \u00a0Hasta aqu\u00ed un poco de mi viaje, pero te seguir\u00e9 contando m\u00e1s&#8230;.<\/p>\n<p>&nbsp;<\/p>\n<p>&nbsp;<\/p>\n<p>&nbsp;<\/p>\n<p>&nbsp;<\/p>\n","protected":false},"excerpt":{"rendered":"Turqu\u00eda desde mi mirada \u00a0 \u00a0 \u00a0 \u00a0Hab\u00eda decidido mi viaje de verano: celebraba el haber llegado a&hellip;\n","protected":false},"author":1,"featured_media":109,"comment_status":"open","ping_status":"open","sticky":false,"template":"","format":"standard","meta":{"footnotes":""},"categories":[15],"tags":[],"class_list":{"0":"post-108","1":"post","2":"type-post","3":"status-publish","4":"format-standard","5":"has-post-thumbnail","7":"category-turquia"},"_links":{"self":[{"href":"https:\/\/yoymimochila.com\/v2\/wp-json\/wp\/v2\/posts\/108","targetHints":{"allow":["GET"]}}],"collection":[{"href":"https:\/\/yoymimochila.com\/v2\/wp-json\/wp\/v2\/posts"}],"about":[{"href":"https:\/\/yoymimochila.com\/v2\/wp-json\/wp\/v2\/types\/post"}],"author":[{"embeddable":true,"href":"https:\/\/yoymimochila.com\/v2\/wp-json\/wp\/v2\/users\/1"}],"replies":[{"embeddable":true,"href":"https:\/\/yoymimochila.com\/v2\/wp-json\/wp\/v2\/comments?post=108"}],"version-history":[{"count":0,"href":"https:\/\/yoymimochila.com\/v2\/wp-json\/wp\/v2\/posts\/108\/revisions"}],"wp:featuredmedia":[{"embeddable":true,"href":"https:\/\/yoymimochila.com\/v2\/wp-json\/wp\/v2\/media\/109"}],"wp:attachment":[{"href":"https:\/\/yoymimochila.com\/v2\/wp-json\/wp\/v2\/media?parent=108"}],"wp:term":[{"taxonomy":"category","embeddable":true,"href":"https:\/\/yoymimochila.com\/v2\/wp-json\/wp\/v2\/categories?post=108"},{"taxonomy":"post_tag","embeddable":true,"href":"https:\/\/yoymimochila.com\/v2\/wp-json\/wp\/v2\/tags?post=108"}],"curies":[{"name":"wp","href":"https:\/\/api.w.org\/{rel}","templated":true}]}}